{"id":19308,"date":"2025-06-23T12:48:22","date_gmt":"2025-06-23T03:48:22","guid":{"rendered":"https:\/\/www.waseda.jp\/inst\/wias\/?p=19308"},"modified":"2025-06-24T10:51:21","modified_gmt":"2025-06-24T01:51:21","slug":"%e9%87%91-%e3%83%a8%e3%83%b3%e3%83%ad%e3%83%b3-%e8%ac%9b%e5%b8%ab%e3%81%ae%e8%91%97%e6%9b%b8%ef%bc%88%e5%85%b1%e5%90%8c%e7%b7%a8%e9%9b%86%ef%bc%89%e3%81%8c%e5%87%ba%e7%89%88%e3%81%95%e3%82%8c-2-2","status":"publish","type":"post","link":"https:\/\/www.waseda.jp\/inst\/wias\/news\/2025\/06\/23\/19308\/","title":{"rendered":"\u677e\u5c3e \u68a8\u6c99 \u8b1b\u5e2b\u306e\u8ad6\u6587\u3092\u53ce\u9332\u3057\u305f\u66f8\u7c4d\u304c\u51fa\u7248\u3055\u308c\u307e\u3057\u305f\u3002<br>\u300e\u30f4\u30a1\u30a4\u30de\u30fc\u30eb\u4e09\u89d2\u9023\u5408\u306b\u304a\u3051\u308b\u30e8\u30fc\u30ed\u30c3\u30d1\u6587\u5316\u95a2\u4fc2\u300f\u7b2c\uff13\u5dfb"},"content":{"rendered":"<h6><a href=\"https:\/\/www.waseda.jp\/inst\/wias\/other\/2024\/04\/01\/15303\/\">\u677e\u5c3e \u68a8\u6c99<\/a> \u8b1b\u5e2b\u306e\u8ad6\u6587\u3092\u53ce\u9332\u3057\u305f\u66f8\u7c4d\u304c\u51fa\u7248\u3055\u308c\u307e\u3057\u305f<\/h6>\n<p>\u300e\u30f4\u30a1\u30a4\u30de\u30fc\u30eb\u4e09\u89d2\u9023\u5408\u306b\u304a\u3051\u308b\u30e8\u30fc\u30ed\u30c3\u30d1\u6587\u5316\u95a2\u4fc2\u300f\u7b2c\uff13\u5dfb\uff08<em>Europ\u00e4ische Kulturbeziehungen im Weimarer Dreieck. Europejskie relacje kulturowe w ramach Tr\u00f3jk\u0105ta Weimarskiego. Les relations culturelles europ\u00e9ennes au sein du Triangle de Weimar<\/em> Bd. III \/ Tom III \/ Vol. III\uff09<br \/>\n\u8a00\u8a9e\uff1a\u30c9\u30a4\u30c4\u8a9e\u30fb\u30dd\u30fc\u30e9\u30f3\u30c9\u8a9e\u30fb\u30d5\u30e9\u30f3\u30b9\u8a9e<\/p>\n<p>81-93\u9801\u3000\u677e\u5c3e \u68a8\u6c99\u300c\u30df\u30c4\u30ad\u30a7\u30f4\u30a3\u30c1\u3001\u30b5\u30f3\u30c9\u3001\u30b7\u30e7\u30d1\u30f3 \u2014\u201419\u4e16\u7d00\u524d\u534a\u306e\u30dd\u30fc\u30e9\u30f3\u30c9\u3001\u30d5\u30e9\u30f3\u30b9\u3001\u30c9\u30a4\u30c4\u306b\u304a\u3051\u308b\u5b97\u6559\u30fb\u54f2\u5b66\u601d\u60f3\u306e\u6bd4\u8f03\u7814\u7a76\u300d\uff08Mickiewicz, Sand et Chopin : Une \u00e9tude compar\u00e9e de la pens\u00e9e religieuse et philosophique en Pologne, en France et en Allemagne dans la premi\u00e8re moiti\u00e9 du XIXe si\u00e8cle.\uff09<br \/>\n\u8a00\u8a9e\uff1a\u30d5\u30e9\u30f3\u30b9\u8a9e\uff08\u30c9\u30a4\u30c4\u8a9e\u30fb\u30dd\u30fc\u30e9\u30f3\u30c9\u8a9e\u6284\u9332\u4ed8\uff09<\/p>\n<p>\u8a73\u3057\u304f\u306f<a href=\"https:\/\/www.harrassowitz-verlag.de\/Europ%C3%A4ische_Kulturbeziehungen_im_Weimarer_Dreieck_Europejskie_relacje_kulturowe_w_ramach_Tr%C3%B3jk%C4%85ta_Weimarskiego_Les_relations_culturelles_europ%C3%A9ennes_au_sein_du_Triangle_de_Weimar\/title_8467.ahtml\">\u51fa\u7248\u793e\u30a6\u30a7\u30d6\u30b5\u30a4\u30c8<\/a>\u3092\u3054\u89a7\u304f\u3060\u3055\u3044\u3002<\/p>\n","protected":false},"excerpt":{"rendered":"<p>\u677e\u5c3e \u68a8\u6c99 \u8b1b\u5e2b\u306e\u8ad6\u6587\u3092\u53ce\u9332\u3057\u305f\u66f8\u7c4d\u304c\u51fa\u7248\u3055\u308c\u307e\u3057\u305f \u300e\u30f4\u30a1\u30a4\u30de\u30fc\u30eb\u4e09\u89d2\u9023\u5408\u306b\u304a\u3051\u308b\u30e8\u30fc\u30ed\u30c3\u30d1\u6587\u5316\u95a2\u4fc2\u300f\u7b2c\uff13\u5dfb\uff08Europ\u00e4ische Kulturbeziehungen im Weimarer Dreieck. Eur [&hellip;]<\/p>\n","protected":false},"author":6,"featured_media":18941,"comment_status":"closed","ping_status":"closed","sticky":false,"template":"","format":"standard","meta":{"_acf_changed":false,"footnotes":""},"categories":[1],"tags":[26,64,28],"class_list":["post-19308","post","type-post","status-publish","format-standard","has-post-thumbnail","hentry","category-news","tag-general","tag-publications","tag-research"],"acf":[],"_links":{"self":[{"href":"https:\/\/www.waseda.jp\/inst\/wias\/wp-json\/wp\/v2\/posts\/19308","targetHints":{"allow":["GET"]}}],"collection":[{"href":"https:\/\/www.waseda.jp\/inst\/wias\/wp-json\/wp\/v2\/posts"}],"about":[{"href":"https:\/\/www.waseda.jp\/inst\/wias\/wp-json\/wp\/v2\/types\/post"}],"author":[{"embeddable":true,"href":"https:\/\/www.waseda.jp\/inst\/wias\/wp-json\/wp\/v2\/users\/6"}],"replies":[{"embeddable":true,"href":"https:\/\/www.waseda.jp\/inst\/wias\/wp-json\/wp\/v2\/comments?post=19308"}],"version-history":[{"count":2,"href":"https:\/\/www.waseda.jp\/inst\/wias\/wp-json\/wp\/v2\/posts\/19308\/revisions"}],"predecessor-version":[{"id":19419,"href":"https:\/\/www.waseda.jp\/inst\/wias\/wp-json\/wp\/v2\/posts\/19308\/revisions\/19419"}],"wp:featuredmedia":[{"embeddable":true,"href":"https:\/\/www.waseda.jp\/inst\/wias\/wp-json\/wp\/v2\/media\/18941"}],"wp:attachment":[{"href":"https:\/\/www.waseda.jp\/inst\/wias\/wp-json\/wp\/v2\/media?parent=19308"}],"wp:term":[{"taxonomy":"category","embeddable":true,"href":"https:\/\/www.waseda.jp\/inst\/wias\/wp-json\/wp\/v2\/categories?post=19308"},{"taxonomy":"post_tag","embeddable":true,"href":"https:\/\/www.waseda.jp\/inst\/wias\/wp-json\/wp\/v2\/tags?post=19308"}],"curies":[{"name":"wp","href":"https:\/\/api.w.org\/{rel}","templated":true}]}}